{"id":212,"date":"2022-03-13T13:04:02","date_gmt":"2022-03-13T10:04:02","guid":{"rendered":"http:\/\/www.vespafiz.com\/?p=212"},"modified":"2022-03-13T13:21:09","modified_gmt":"2022-03-13T10:21:09","slug":"fizibilite-raporunun-degismez-ana-bolumleri","status":"publish","type":"post","link":"http:\/\/www.vespafiz.com\/index.php\/2022\/03\/13\/fizibilite-raporunun-degismez-ana-bolumleri\/","title":{"rendered":"F\u0130Z\u0130B\u0130L\u0130TE RAPORUNUN DE\u011e\u0130\u015eMEZ ANA B\u00d6L\u00dcMLER\u0130"},"content":{"rendered":"\n<p><a href=\"http:\/\/www.vespafiz.com\/index.php\/2022\/03\/13\/yatirim-konusu-projelerin-turleri-ve-degerlendirme-kriterleri\/\" data-type=\"URL\" data-id=\"http:\/\/www.vespafiz.com\/index.php\/2022\/03\/13\/yatirim-konusu-projelerin-turleri-ve-degerlendirme-kriterleri\/\">&lt;&lt;&lt; \u00d6NCEK\u0130 SAYFA<\/a><\/p>\n\n\n\n<h3 class=\"has-medium-font-size wp-block-heading\">Bir fizibilite raporunda teknik, ekonomik ve mali de\u011ferlendirme de\u011fi\u015fmeyen \u00fc\u00e7 ana b\u00f6l\u00fcm olarak yer al\u0131r.<\/h3>\n\n\n\n<h3 class=\"has-medium-font-size wp-block-heading\">&#8211; Raporun t\u00fcr\u00fc ne olursa olsun, yukarda s\u0131ralanan her \u00fc\u00e7 rapor t\u00fcr\u00fc i\u00e7in de teknik de\u011ferlendirmenin i\u00e7eri\u011fi de\u011fi\u015fmez.<\/h3>\n\n\n\n<h3 class=\"has-medium-font-size wp-block-heading\">&#8211; E\u011fer haz\u0131rlanan rapor bir fizibilite raporu de\u011fil de gelir fonksiyonu olmayan bir kamu projesi niteli\u011finde ise<em>,<\/em> bu raporlarda ekonomik de\u011ferlendirme b\u00f6l\u00fcm\u00fc yer almaz. Mali de\u011ferlendirme b\u00f6l\u00fcm\u00fcn kapsam\u0131 da projenin finansman temini ve kaynak maliyeti analizine do\u011fru evrilir.<\/h3>\n\n\n\n<h3 class=\"has-medium-font-size wp-block-heading\">&#8211; E\u011fer haz\u0131rlanan rapor kamunun ger\u00e7ekle\u015ftirmek durumunda oldu\u011fu , k\u00e2r amac\u0131 g\u00fctmeyen sosyal bir proje ise <em>(k<\/em><em>\u00fc\u00e7\u00fc<\/em><em>k de olsa bir gelir getirici <\/em><em>\u00f6<\/em><em>zelli<\/em><em>\u011f<\/em><em>i olan)<\/em> bu raporlardaki ekonomik de\u011ferlendirme b\u00f6l\u00fcm\u00fcn\u00fcn oda\u011f\u0131, fiyatland\u0131rma ve rekabet olanaklar\u0131ndan \u00e7ok, yat\u0131r\u0131ma duyulan potansiyel ihtiyac\u0131n tespitine do\u011fru evrilir.<\/h3>\n\n\n\n<h3 class=\"has-medium-font-size wp-block-heading\" style=\"font-style:normal;font-weight:400\">Bu durum a\u015fa\u011f\u0131da a\u00e7\u0131klanm\u0131\u015ft\u0131r.<\/h3>\n\n\n\n<ul type=\"1\"><li><strong>Teknik De<\/strong><strong>\u011f<\/strong><strong>erlendirme: <\/strong>Yat\u0131r\u0131m ile hedeflenen \u00fcr\u00fcn ve\/veya hizmetin belirlendi\u011fi, bu \u00fcr\u00fcn ve\/veya hizmetin \u00fcretilebilmesinin fiziki\/teknik gerekliliklerinin ve yat\u0131r\u0131m ger\u00e7ekle\u015ftirildikten sonra olu\u015facak i\u015fletme faaliyetlerinin i\u00e7eri\u011finin belirlendi\u011fi b\u00f6l\u00fcmd\u00fcr.<\/li><\/ul>\n\n\n\n<p>Teknik de\u011ferlendirmenin sonunda say\u0131sal olarak sabit yat\u0131r\u0131m tutar\u0131, i\u015fletme d\u00f6nemi giderleri, i\u015fletme sermayesi hesaplamalar\u0131 yap\u0131labilir hale gelir.<\/p>\n\n\n\n<p><strong>Haz<\/strong><strong>\u0131<\/strong><strong>rlanan rapor bir fizibilite de olsa, sosyal bir proje de olsa, bir kamu projesi de olsa teknik de<\/strong><strong>\u011f<\/strong><strong>erlendirmenin i<\/strong><strong>\u00e7<\/strong><strong>eri<\/strong><strong>\u011f<\/strong><strong>i de<\/strong><strong>\u011f<\/strong><strong>i<\/strong><strong>\u015f<\/strong><strong>mez.<\/strong><strong><\/strong><\/p>\n\n\n\n<ul><li><strong>Ekonomik De<\/strong><strong>\u011f<\/strong><strong>erlendirme (Pazar Analizi):<\/strong> Yat\u0131r\u0131mla hedeflenen \u00fcr\u00fcn ve\/veya hizmetin yurt i\u00e7i\/yurt d\u0131\u015f\u0131 sat\u0131\u015f imk\u00e2nlar\u0131n\u0131n, potansiyel m\u00fc\u015fteri kesiminin, yat\u0131r\u0131m tamamland\u0131ktan sonra \u00fcretilecek \u00fcr\u00fcn ya da sa\u011flanacak hizmetin minimum hangi fiyatla, nereye ve ne kadar bir miktarda sat\u0131labilece\u011finin tahmin edildi\u011fi b\u00f6l\u00fcmd\u00fcr.<\/li><\/ul>\n\n\n\n<p>Ekonomik de\u011ferlendirmenin sonunda say\u0131sal olarak \u00fcr\u00fcn ya da hizmetin sat\u0131\u015f fiyat\u0131 ile ne kadar sat\u0131labilece\u011finin bir \u00f6l\u00e7\u00fcs\u00fc olan kapasite kullan\u0131m oran\u0131 (KKO) veya doluluk oran\u0131 gibi iki temel de\u011fere ula\u015f\u0131l\u0131r. Ve bu de\u011ferler i\u015fletmenin faaliyete ge\u00e7tikten sonra y\u0131ll\u0131k gelirlerinin hesaplanmas\u0131nda kullan\u0131l\u0131r. Ayn\u0131 zamanda i\u015fletmenin de\u011fi\u015fken t\u00fcrde olan y\u0131ll\u0131k giderlerinin ne oranda etkilenece\u011fi de belirlenmi\u015f olur.<\/p>\n\n\n\n<ul><li><strong>Mali De<\/strong><strong>\u011f<\/strong><strong>erlendirme <em>(Finansal Analiz):<\/em><\/strong> Teknik de\u011ferlendirmenin belirledi\u011fi sabit yat\u0131r\u0131m tutar\u0131, teknik b\u00f6l\u00fcm\u00fcn belirledi\u011fi i\u015fletme giderleri, teknik ve ekonomik b\u00f6l\u00fcm\u00fcn belirledi\u011fi i\u015fletme gelirlerine ili\u015fkin sonu\u00e7lar\u0131n veri olarak kullan\u0131lmas\u0131 sureti ile yat\u0131r\u0131m\u0131n gerektirdi\u011fi finansman ihtiyac\u0131, bu ihtiyac\u0131n hangi kaynaktan sa\u011flanaca\u011f\u0131, y\u0131llar itibariyle KKO\u2019nda ger\u00e7ekle\u015fecek nakit ak\u0131mlar\u0131n\u0131n yat\u0131r\u0131mc\u0131 ki\u015fi\/kurum\/kurulu\u015f nezdinde beklenen geri d\u00f6n\u00fc\u015f\u00fc, i\u00e7 k\u00e2rl\u0131l\u0131\u011f\u0131 sa\u011flay\u0131p sa\u011flamad\u0131\u011f\u0131na bu b\u00f6l\u00fcmde bak\u0131l\u0131r.<\/li><\/ul>\n\n\n\n<h3 class=\"has-medium-font-size wp-block-heading\">Mali de\u011ferlendirme sonucunda say\u0131sal olarak finansman ihtiyac\u0131 ve kaynaklar\u0131, projenin geri d\u00f6n\u00fc\u015f s\u00fcresi, net bug\u00fcnk\u00fc de\u011fer, i\u00e7 k\u00e2rl\u0131l\u0131k oran\u0131, yat\u0131r\u0131m indeksi, fayda maliyet oran\u0131, katma de\u011fer etkisi gibi sonu\u00e7lara eri\u015filir. Haz\u0131rlanacak senaryolar kapsam\u0131nda duyarl\u0131l\u0131k analizleri, risk analizleri yap\u0131l\u0131r.<\/h3>\n\n\n\n<p><a href=\"http:\/\/www.vespafiz.com\/index.php\/2022\/03\/13\/fizibilite-turlerinin-ozellikleri\/\" data-type=\"URL\" data-id=\"http:\/\/www.vespafiz.com\/index.php\/2022\/03\/13\/fizibilite-turlerinin-ozellikleri\/\">\u00d6zelliklerine g\u00f6re projeler ve de\u011ferlendirme kriterleri sonraki sayfadaki tabloda \u00f6zetlenmi\u015ftir. >>><\/a><\/p>\n\n\n\n<p><\/p>\n","protected":false},"excerpt":{"rendered":"<p>&lt;&lt;&lt; \u00d6NCEK\u0130 SAYFA Bir fizibilite raporunda teknik, ekonomik ve mali de\u011ferlendirme de\u011fi\u015fmeyen \u00fc\u00e7 ana b\u00f6l\u00fcm olarak yer al\u0131r. &#8211; Raporun t\u00fcr\u00fc ne olursa olsun, yukarda s\u0131ralanan her \u00fc\u00e7 rapor t\u00fcr\u00fc i\u00e7in de teknik de\u011ferlendirmenin i\u00e7eri\u011fi de\u011fi\u015fmez. &#8211; E\u011fer haz\u0131rlanan rapor bir fizibilite raporu de\u011fil de gelir fonksiyonu olmayan bir kamu projesi niteli\u011finde ise, bu raporlarda&#8230;<a class=\"read-more-link button\" href=\"http:\/\/www.vespafiz.com\/index.php\/2022\/03\/13\/fizibilite-raporunun-degismez-ana-bolumleri\/\">Read more<\/a><\/p>\n","protected":false},"author":1,"featured_media":0,"comment_status":"closed","ping_status":"closed","sticky":false,"template":"","format":"standard","meta":[],"categories":[1],"tags":[],"_links":{"self":[{"href":"http:\/\/www.vespafiz.com\/index.php\/wp-json\/wp\/v2\/posts\/212"}],"collection":[{"href":"http:\/\/www.vespafiz.com\/index.php\/wp-json\/wp\/v2\/posts"}],"about":[{"href":"http:\/\/www.vespafiz.com\/index.php\/wp-json\/wp\/v2\/types\/post"}],"author":[{"embeddable":true,"href":"http:\/\/www.vespafiz.com\/index.php\/wp-json\/wp\/v2\/users\/1"}],"replies":[{"embeddable":true,"href":"http:\/\/www.vespafiz.com\/index.php\/wp-json\/wp\/v2\/comments?post=212"}],"version-history":[{"count":3,"href":"http:\/\/www.vespafiz.com\/index.php\/wp-json\/wp\/v2\/posts\/212\/revisions"}],"predecessor-version":[{"id":262,"href":"http:\/\/www.vespafiz.com\/index.php\/wp-json\/wp\/v2\/posts\/212\/revisions\/262"}],"wp:attachment":[{"href":"http:\/\/www.vespafiz.com\/index.php\/wp-json\/wp\/v2\/media?parent=212"}],"wp:term":[{"taxonomy":"category","embeddable":true,"href":"http:\/\/www.vespafiz.com\/index.php\/wp-json\/wp\/v2\/categories?post=212"},{"taxonomy":"post_tag","embeddable":true,"href":"http:\/\/www.vespafiz.com\/index.php\/wp-json\/wp\/v2\/tags?post=212"}],"curies":[{"name":"wp","href":"https:\/\/api.w.org\/{rel}","templated":true}]}}